{"id":96,"date":"2017-11-16T17:44:15","date_gmt":"2017-11-16T16:44:15","guid":{"rendered":"http:\/\/moulin-dussart.be\/?p=96"},"modified":"2020-12-19T16:02:59","modified_gmt":"2020-12-19T15:02:59","slug":"jour-9","status":"publish","type":"post","link":"https:\/\/www.moulin-dussart.be\/?p=96","title":{"rendered":"Jour 9"},"content":{"rendered":"<p>Les travaux continent de bien avancer. Hier et aujourd&#8217;hui, l&#8217;entrepreneur a continu\u00e9 de monter les blocs en terre cuite pour refermer la fa\u00e7ade. Il ne manque plus q&#8217;une vingtaine de blocs et le toit du moulin sera \u00e0 nouveau enti\u00e8rement support\u00e9 par le mur. J&#8217;esp\u00e8re que cela permettra aussi de pouvoir d&#8217;ici peu enlever les \u00e9tan\u00e7ons qui encombrent les trois niveaux du moulin. Les briques de fa\u00e7ade vont bient\u00f4t pouvoir commencer \u00e0 \u00eatre plac\u00e9es.<\/p>\n<p>C&#8217;est un grand soulagement de ne plus voir ce trou b\u00e9ant en fa\u00e7ade. Allez, les choses avancent vraiment bien \ud83d\ude42 :<\/p>\n<div align=\"center\">\n<div data-carousel-extra='{\"blog_id\":1,\"permalink\":\"https:\\\/\\\/www.moulin-dussart.be\\\/?p=96\"}' class=\"tiled-gallery type-rectangular\" data-original-width=\"640\"><div class=\"gallery-row\" style=\"width: 635px; height: 281px;\"><div class=\"gallery-group images-1\" style=\"width: 424px; height: 285px;\"><div class=\"tiled-gallery-item tiled-gallery-item-large\"><a href=\"https:\/\/www.moulin-dussart.be\/?attachment_id=101\"><img data-attachment-id=\"101\" data-orig-file=\"https:\/\/www.moulin-dussart.be\/wp-content\/uploads\/2017\/11\/DSC05869.jpg\" data-orig-size=\"1076,720\" data-comments-opened=\"0\" data-image-meta=\"{&quot;aperture&quot;:&quot;5.6&quot;,&quot;credit&quot;:&quot;&quot;,&quot;camera&quot;:&quot;DSLR-A100&quot;,&quot;caption&quot;:&quot;SONY DSC&quot;,&quot;created_timestamp&quot;:&quot;1510856773&quot;,&quot;copyright&quot;:&quot;&quot;,&quot;focal_length&quot;:&quot;18&quot;,&quot;iso&quot;:&quot;400&quot;,&quot;shutter_speed&quot;:&quot;0.016666666666667&quot;,&quot;title&quot;:&quot;SONY DSC&quot;,&quot;orientation&quot;:&quot;1&quot;}\" data-image-title=\"SONY DSC\" data-image-description=\"\" data-medium-file=\"https:\/\/www.moulin-dussart.be\/wp-content\/uploads\/2017\/11\/DSC05869-300x201.jpg\" data-large-file=\"https:\/\/www.moulin-dussart.be\/wp-content\/uploads\/2017\/11\/DSC05869-1024x685.jpg\" src=\"https:\/\/www.moulin-dussart.be\/wp-content\/uploads\/2017\/11\/DSC05869-420x281.jpg\" width=\"420\" height=\"281\" align=\"left\" title=\"SONY DSC\" \/><\/a><div class=\"tiled-gallery-caption\">SONY DSC<\/div><\/div><\/div><div class=\"gallery-group images-2\" style=\"width: 211px; height: 285px;\"><div class=\"tiled-gallery-item tiled-gallery-item-small\"><a href=\"https:\/\/www.moulin-dussart.be\/?attachment_id=100\"><img data-attachment-id=\"100\" data-orig-file=\"https:\/\/www.moulin-dussart.be\/wp-content\/uploads\/2017\/11\/DSC05862.jpg\" data-orig-size=\"1076,720\" data-comments-opened=\"1\" data-image-meta=\"{&quot;aperture&quot;:&quot;5.6&quot;,&quot;credit&quot;:&quot;&quot;,&quot;camera&quot;:&quot;DSLR-A100&quot;,&quot;caption&quot;:&quot;SONY DSC&quot;,&quot;created_timestamp&quot;:&quot;1510856592&quot;,&quot;copyright&quot;:&quot;&quot;,&quot;focal_length&quot;:&quot;35&quot;,&quot;iso&quot;:&quot;400&quot;,&quot;shutter_speed&quot;:&quot;0.033333333333333&quot;,&quot;title&quot;:&quot;SONY DSC&quot;,&quot;orientation&quot;:&quot;1&quot;}\" data-image-title=\"SONY DSC\" data-image-description=\"\" data-medium-file=\"https:\/\/www.moulin-dussart.be\/wp-content\/uploads\/2017\/11\/DSC05862-300x201.jpg\" data-large-file=\"https:\/\/www.moulin-dussart.be\/wp-content\/uploads\/2017\/11\/DSC05862-1024x685.jpg\" src=\"https:\/\/www.moulin-dussart.be\/wp-content\/uploads\/2017\/11\/DSC05862-207x139.jpg\" width=\"207\" height=\"139\" align=\"left\" title=\"SONY DSC\" \/><\/a><div class=\"tiled-gallery-caption\">SONY DSC<\/div><\/div><div class=\"tiled-gallery-item tiled-gallery-item-small\"><a href=\"https:\/\/www.moulin-dussart.be\/?attachment_id=99\"><img data-attachment-id=\"99\" data-orig-file=\"https:\/\/www.moulin-dussart.be\/wp-content\/uploads\/2017\/11\/DSC05857.jpg\" data-orig-size=\"1076,720\" data-comments-opened=\"0\" data-image-meta=\"{&quot;aperture&quot;:&quot;5.6&quot;,&quot;credit&quot;:&quot;&quot;,&quot;camera&quot;:&quot;DSLR-A100&quot;,&quot;caption&quot;:&quot;SONY DSC&quot;,&quot;created_timestamp&quot;:&quot;1510841749&quot;,&quot;copyright&quot;:&quot;&quot;,&quot;focal_length&quot;:&quot;18&quot;,&quot;iso&quot;:&quot;250&quot;,&quot;shutter_speed&quot;:&quot;0.016666666666667&quot;,&quot;title&quot;:&quot;SONY DSC&quot;,&quot;orientation&quot;:&quot;1&quot;}\" data-image-title=\"SONY DSC\" data-image-description=\"\" data-medium-file=\"https:\/\/www.moulin-dussart.be\/wp-content\/uploads\/2017\/11\/DSC05857-300x201.jpg\" data-large-file=\"https:\/\/www.moulin-dussart.be\/wp-content\/uploads\/2017\/11\/DSC05857-1024x685.jpg\" src=\"https:\/\/www.moulin-dussart.be\/wp-content\/uploads\/2017\/11\/DSC05857-207x138.jpg\" width=\"207\" height=\"138\" align=\"left\" title=\"SONY DSC\" \/><\/a><div class=\"tiled-gallery-caption\">SONY DSC<\/div><\/div><\/div><\/div><div class=\"gallery-row\" style=\"width: 635px; height: 290px;\"><div class=\"gallery-group images-1\" style=\"width: 437px; height: 294px;\"><div class=\"tiled-gallery-item tiled-gallery-item-large\"><a href=\"https:\/\/www.moulin-dussart.be\/?attachment_id=98\"><img data-attachment-id=\"98\" data-orig-file=\"https:\/\/www.moulin-dussart.be\/wp-content\/uploads\/2017\/11\/DSC05853.jpg\" data-orig-size=\"1076,720\" data-comments-opened=\"1\" data-image-meta=\"{&quot;aperture&quot;:&quot;6.3&quot;,&quot;credit&quot;:&quot;&quot;,&quot;camera&quot;:&quot;DSLR-A100&quot;,&quot;caption&quot;:&quot;SONY DSC&quot;,&quot;created_timestamp&quot;:&quot;1510841620&quot;,&quot;copyright&quot;:&quot;&quot;,&quot;focal_length&quot;:&quot;28&quot;,&quot;iso&quot;:&quot;100&quot;,&quot;shutter_speed&quot;:&quot;0.01&quot;,&quot;title&quot;:&quot;SONY DSC&quot;,&quot;orientation&quot;:&quot;1&quot;}\" data-image-title=\"SONY DSC\" data-image-description=\"\" data-medium-file=\"https:\/\/www.moulin-dussart.be\/wp-content\/uploads\/2017\/11\/DSC05853-300x201.jpg\" data-large-file=\"https:\/\/www.moulin-dussart.be\/wp-content\/uploads\/2017\/11\/DSC05853-1024x685.jpg\" src=\"https:\/\/www.moulin-dussart.be\/wp-content\/uploads\/2017\/11\/DSC05853-433x290.jpg\" width=\"433\" height=\"290\" align=\"left\" title=\"SONY DSC\" \/><\/a><div class=\"tiled-gallery-caption\">SONY DSC<\/div><\/div><\/div><div class=\"gallery-group images-1\" style=\"width: 198px; height: 294px;\"><div class=\"tiled-gallery-item tiled-gallery-item-small\"><a href=\"https:\/\/www.moulin-dussart.be\/?attachment_id=97\"><img data-attachment-id=\"97\" data-orig-file=\"https:\/\/www.moulin-dussart.be\/wp-content\/uploads\/2017\/11\/DSC05852-e1510850575209.jpg\" data-orig-size=\"720,1076\" data-comments-opened=\"1\" data-image-meta=\"{&quot;aperture&quot;:&quot;8&quot;,&quot;credit&quot;:&quot;&quot;,&quot;camera&quot;:&quot;DSLR-A100&quot;,&quot;caption&quot;:&quot;SONY DSC&quot;,&quot;created_timestamp&quot;:&quot;1510841616&quot;,&quot;copyright&quot;:&quot;&quot;,&quot;focal_length&quot;:&quot;18&quot;,&quot;iso&quot;:&quot;100&quot;,&quot;shutter_speed&quot;:&quot;0.016666666666667&quot;,&quot;title&quot;:&quot;SONY DSC&quot;,&quot;orientation&quot;:&quot;6&quot;}\" data-image-title=\"SONY DSC\" data-image-description=\"\" data-medium-file=\"https:\/\/www.moulin-dussart.be\/wp-content\/uploads\/2017\/11\/DSC05852-e1510850575209-201x300.jpg\" data-large-file=\"https:\/\/www.moulin-dussart.be\/wp-content\/uploads\/2017\/11\/DSC05852-e1510850575209-685x1024.jpg\" src=\"https:\/\/www.moulin-dussart.be\/wp-content\/uploads\/2017\/11\/DSC05852-e1510850575209-194x290.jpg\" width=\"194\" height=\"290\" align=\"left\" title=\"SONY DSC\" \/><\/a><div class=\"tiled-gallery-caption\">SONY DSC<\/div><\/div><\/div><\/div><\/div><\/div>\n","protected":false},"excerpt":{"rendered":"<p>Les travaux continent de bien avancer. Hier et aujourd&#8217;hui, l&#8217;entrepreneur a continu\u00e9 de monter les blocs en terre cuite pour refermer la fa\u00e7ade. Il ne manque plus q&#8217;une vingtaine de blocs et le toit du moulin sera \u00e0 nouveau enti\u00e8rement support\u00e9 par le mur. J&#8217;esp\u00e8re que cela permettra aussi de pouvoir d&#8217;ici peu enlever les \u00e9tan\u00e7ons qui encombrent les trois niveaux du moulin. Les briques de fa\u00e7ade vont bient\u00f4t pouvoir commencer \u00e0 \u00eatre plac\u00e9es. C&#8217;est un grand soulagement de ne&#8230;<\/p>\n<p class=\"read-more\"><a class=\"btn btn-default\" href=\"https:\/\/www.moulin-dussart.be\/?p=96\">Lire la suite<span class=\"screen-reader-text\"> Lire la suite<\/span><\/a><\/p>\n","protected":false},"author":1,"featured_media":0,"comment_status":"closed","ping_status":"open","sticky":false,"template":"","format":"standard","meta":[],"categories":[5],"tags":[],"_links":{"self":[{"href":"https:\/\/www.moulin-dussart.be\/index.php?rest_route=\/wp\/v2\/posts\/96"}],"collection":[{"href":"https:\/\/www.moulin-dussart.be\/index.php?rest_route=\/wp\/v2\/posts"}],"about":[{"href":"https:\/\/www.moulin-dussart.be\/index.php?rest_route=\/wp\/v2\/types\/post"}],"author":[{"embeddable":true,"href":"https:\/\/www.moulin-dussart.be\/index.php?rest_route=\/wp\/v2\/users\/1"}],"replies":[{"embeddable":true,"href":"https:\/\/www.moulin-dussart.be\/index.php?rest_route=%2Fwp%2Fv2%2Fcomments&post=96"}],"version-history":[{"count":3,"href":"https:\/\/www.moulin-dussart.be\/index.php?rest_route=\/wp\/v2\/posts\/96\/revisions"}],"predecessor-version":[{"id":104,"href":"https:\/\/www.moulin-dussart.be\/index.php?rest_route=\/wp\/v2\/posts\/96\/revisions\/104"}],"wp:attachment":[{"href":"https:\/\/www.moulin-dussart.be\/index.php?rest_route=%2Fwp%2Fv2%2Fmedia&parent=96"}],"wp:term":[{"taxonomy":"category","embeddable":true,"href":"https:\/\/www.moulin-dussart.be\/index.php?rest_route=%2Fwp%2Fv2%2Fcategories&post=96"},{"taxonomy":"post_tag","embeddable":true,"href":"https:\/\/www.moulin-dussart.be\/index.php?rest_route=%2Fwp%2Fv2%2Ftags&post=96"}],"curies":[{"name":"wp","href":"https:\/\/api.w.org\/{rel}","templated":true}]}}