{"id":55,"date":"2017-11-08T20:17:21","date_gmt":"2017-11-08T19:17:21","guid":{"rendered":"http:\/\/moulin-dussart.be\/?p=55"},"modified":"2017-11-29T20:03:24","modified_gmt":"2017-11-29T19:03:24","slug":"travaux-jour-3-la-pluie","status":"publish","type":"post","link":"https:\/\/www.moulin-dussart.be\/?p=55","title":{"rendered":"Travaux &#8211; Jour 3 &#8211; La pluie&#8230;"},"content":{"rendered":"<p>Eh oui. Il a plu quasiment toute la journ\u00e9e aujourd&#8217;hui. R\u00e9sultat : d\u00e9j\u00e0 un premier jour o\u00f9 pas grand chose ne s&#8217;est pass\u00e9. Si ce n&#8217;est l&#8217;\u00e9vacution d&#8217;une bonne partie des d\u00e9blais. Si tout va bien, demain, la d\u00e9molition sera achev\u00e9e.<\/p>\n<p>J&#8217;en profite pour publier quelques photos insolites prises de l&#8217;int\u00e9rieur du moulin ; une vue qu&#8217;on ne reverra sans doute jamais.<\/p>\n<div data-carousel-extra='{\"blog_id\":1,\"permalink\":\"https:\\\/\\\/www.moulin-dussart.be\\\/?p=55\"}' class=\"tiled-gallery type-rectangular\" data-original-width=\"640\"><div class=\"gallery-row\" style=\"width: 635px; height: 281px;\"><div class=\"gallery-group images-1\" style=\"width: 424px; height: 285px;\"><div class=\"tiled-gallery-item tiled-gallery-item-large\"><a href=\"https:\/\/www.moulin-dussart.be\/?attachment_id=56\"><img data-attachment-id=\"56\" data-orig-file=\"https:\/\/www.moulin-dussart.be\/wp-content\/uploads\/2017\/11\/DSC05784.jpg\" data-orig-size=\"1076,720\" data-comments-opened=\"1\" data-image-meta=\"{&quot;aperture&quot;:&quot;5&quot;,&quot;credit&quot;:&quot;&quot;,&quot;camera&quot;:&quot;DSLR-A100&quot;,&quot;caption&quot;:&quot;SONY DSC&quot;,&quot;created_timestamp&quot;:&quot;1510142196&quot;,&quot;copyright&quot;:&quot;&quot;,&quot;focal_length&quot;:&quot;24&quot;,&quot;iso&quot;:&quot;100&quot;,&quot;shutter_speed&quot;:&quot;0.025&quot;,&quot;title&quot;:&quot;SONY DSC&quot;,&quot;orientation&quot;:&quot;1&quot;}\" data-image-title=\"SONY DSC\" data-image-description=\"\" data-medium-file=\"https:\/\/www.moulin-dussart.be\/wp-content\/uploads\/2017\/11\/DSC05784-300x201.jpg\" data-large-file=\"https:\/\/www.moulin-dussart.be\/wp-content\/uploads\/2017\/11\/DSC05784-1024x685.jpg\" src=\"https:\/\/www.moulin-dussart.be\/wp-content\/uploads\/2017\/11\/DSC05784-420x281.jpg\" width=\"420\" height=\"281\" align=\"left\" title=\"SONY DSC\" \/><\/a><div class=\"tiled-gallery-caption\">\u00c9vacuation des d\u00e9blais<\/div><\/div><\/div><div class=\"gallery-group images-2\" style=\"width: 211px; height: 285px;\"><div class=\"tiled-gallery-item tiled-gallery-item-small\"><a href=\"https:\/\/www.moulin-dussart.be\/?attachment_id=57\"><img data-attachment-id=\"57\" data-orig-file=\"https:\/\/www.moulin-dussart.be\/wp-content\/uploads\/2017\/11\/DSC05788.jpg\" data-orig-size=\"1076,720\" data-comments-opened=\"1\" data-image-meta=\"{&quot;aperture&quot;:&quot;4.5&quot;,&quot;credit&quot;:&quot;&quot;,&quot;camera&quot;:&quot;DSLR-A100&quot;,&quot;caption&quot;:&quot;SONY DSC&quot;,&quot;created_timestamp&quot;:&quot;1510156795&quot;,&quot;copyright&quot;:&quot;&quot;,&quot;focal_length&quot;:&quot;18&quot;,&quot;iso&quot;:&quot;100&quot;,&quot;shutter_speed&quot;:&quot;0.025&quot;,&quot;title&quot;:&quot;SONY DSC&quot;,&quot;orientation&quot;:&quot;1&quot;}\" data-image-title=\"SONY DSC\" data-image-description=\"\" data-medium-file=\"https:\/\/www.moulin-dussart.be\/wp-content\/uploads\/2017\/11\/DSC05788-300x201.jpg\" data-large-file=\"https:\/\/www.moulin-dussart.be\/wp-content\/uploads\/2017\/11\/DSC05788-1024x685.jpg\" src=\"https:\/\/www.moulin-dussart.be\/wp-content\/uploads\/2017\/11\/DSC05788-207x139.jpg\" width=\"207\" height=\"139\" align=\"left\" title=\"SONY DSC\" \/><\/a><div class=\"tiled-gallery-caption\">Int\u00e9rieur du moulin<\/div><\/div><div class=\"tiled-gallery-item tiled-gallery-item-small\"><a href=\"https:\/\/www.moulin-dussart.be\/?attachment_id=58\"><img data-attachment-id=\"58\" data-orig-file=\"https:\/\/www.moulin-dussart.be\/wp-content\/uploads\/2017\/11\/DSC05797.jpg\" data-orig-size=\"1076,720\" data-comments-opened=\"1\" data-image-meta=\"{&quot;aperture&quot;:&quot;4&quot;,&quot;credit&quot;:&quot;&quot;,&quot;camera&quot;:&quot;DSLR-A100&quot;,&quot;caption&quot;:&quot;SONY DSC&quot;,&quot;created_timestamp&quot;:&quot;1510156870&quot;,&quot;copyright&quot;:&quot;&quot;,&quot;focal_length&quot;:&quot;18&quot;,&quot;iso&quot;:&quot;125&quot;,&quot;shutter_speed&quot;:&quot;0.033333333333333&quot;,&quot;title&quot;:&quot;SONY DSC&quot;,&quot;orientation&quot;:&quot;1&quot;}\" data-image-title=\"SONY DSC\" data-image-description=\"\" data-medium-file=\"https:\/\/www.moulin-dussart.be\/wp-content\/uploads\/2017\/11\/DSC05797-300x201.jpg\" data-large-file=\"https:\/\/www.moulin-dussart.be\/wp-content\/uploads\/2017\/11\/DSC05797-1024x685.jpg\" src=\"https:\/\/www.moulin-dussart.be\/wp-content\/uploads\/2017\/11\/DSC05797-207x138.jpg\" width=\"207\" height=\"138\" align=\"left\" title=\"SONY DSC\" \/><\/a><div class=\"tiled-gallery-caption\">Int\u00e9rieur du moulin<\/div><\/div><\/div><\/div><div class=\"gallery-row\" style=\"width: 635px; height: 210px;\"><div class=\"gallery-group images-1\" style=\"width: 318px; height: 214px;\"><div class=\"tiled-gallery-item tiled-gallery-item-large\"><a href=\"https:\/\/www.moulin-dussart.be\/?attachment_id=59\"><img data-attachment-id=\"59\" data-orig-file=\"https:\/\/www.moulin-dussart.be\/wp-content\/uploads\/2017\/11\/DSC05801.jpg\" data-orig-size=\"1076,720\" data-comments-opened=\"1\" data-image-meta=\"{&quot;aperture&quot;:&quot;5&quot;,&quot;credit&quot;:&quot;&quot;,&quot;camera&quot;:&quot;DSLR-A100&quot;,&quot;caption&quot;:&quot;SONY DSC&quot;,&quot;created_timestamp&quot;:&quot;1510156918&quot;,&quot;copyright&quot;:&quot;&quot;,&quot;focal_length&quot;:&quot;18&quot;,&quot;iso&quot;:&quot;200&quot;,&quot;shutter_speed&quot;:&quot;0.016666666666667&quot;,&quot;title&quot;:&quot;SONY DSC&quot;,&quot;orientation&quot;:&quot;1&quot;}\" data-image-title=\"SONY DSC\" data-image-description=\"\" data-medium-file=\"https:\/\/www.moulin-dussart.be\/wp-content\/uploads\/2017\/11\/DSC05801-300x201.jpg\" data-large-file=\"https:\/\/www.moulin-dussart.be\/wp-content\/uploads\/2017\/11\/DSC05801-1024x685.jpg\" src=\"https:\/\/www.moulin-dussart.be\/wp-content\/uploads\/2017\/11\/DSC05801-314x210.jpg\" width=\"314\" height=\"210\" align=\"left\" title=\"SONY DSC\" \/><\/a><div class=\"tiled-gallery-caption\">Vue depuis le grenier<\/div><\/div><\/div><div class=\"gallery-group images-1\" style=\"width: 317px; height: 214px;\"><div class=\"tiled-gallery-item tiled-gallery-item-large\"><a href=\"https:\/\/www.moulin-dussart.be\/?attachment_id=60\"><img data-attachment-id=\"60\" data-orig-file=\"https:\/\/www.moulin-dussart.be\/wp-content\/uploads\/2017\/11\/DSC05804.jpg\" data-orig-size=\"1076,720\" data-comments-opened=\"1\" data-image-meta=\"{&quot;aperture&quot;:&quot;3.5&quot;,&quot;credit&quot;:&quot;&quot;,&quot;camera&quot;:&quot;DSLR-A100&quot;,&quot;caption&quot;:&quot;SONY DSC&quot;,&quot;created_timestamp&quot;:&quot;1510156942&quot;,&quot;copyright&quot;:&quot;&quot;,&quot;focal_length&quot;:&quot;18&quot;,&quot;iso&quot;:&quot;100&quot;,&quot;shutter_speed&quot;:&quot;0.01&quot;,&quot;title&quot;:&quot;SONY DSC&quot;,&quot;orientation&quot;:&quot;1&quot;}\" data-image-title=\"SONY DSC\" data-image-description=\"\" data-medium-file=\"https:\/\/www.moulin-dussart.be\/wp-content\/uploads\/2017\/11\/DSC05804-300x201.jpg\" data-large-file=\"https:\/\/www.moulin-dussart.be\/wp-content\/uploads\/2017\/11\/DSC05804-1024x685.jpg\" src=\"https:\/\/www.moulin-dussart.be\/wp-content\/uploads\/2017\/11\/DSC05804-313x210.jpg\" width=\"313\" height=\"210\" align=\"left\" title=\"SONY DSC\" \/><\/a><div class=\"tiled-gallery-caption\">Vue depuis le grenier<\/div><\/div><\/div><\/div><\/div>\n","protected":false},"excerpt":{"rendered":"<p>Eh oui. Il a plu quasiment toute la journ\u00e9e aujourd&#8217;hui. R\u00e9sultat : d\u00e9j\u00e0 un premier jour o\u00f9 pas grand chose ne s&#8217;est pass\u00e9. Si ce n&#8217;est l&#8217;\u00e9vacution d&#8217;une bonne partie des d\u00e9blais. Si tout va bien, demain, la d\u00e9molition sera achev\u00e9e. J&#8217;en profite pour publier quelques photos insolites prises de l&#8217;int\u00e9rieur du moulin ; une vue qu&#8217;on ne reverra sans doute jamais.<\/p>\n","protected":false},"author":1,"featured_media":0,"comment_status":"closed","ping_status":"open","sticky":false,"template":"","format":"standard","meta":[],"categories":[5],"tags":[],"_links":{"self":[{"href":"https:\/\/www.moulin-dussart.be\/index.php?rest_route=\/wp\/v2\/posts\/55"}],"collection":[{"href":"https:\/\/www.moulin-dussart.be\/index.php?rest_route=\/wp\/v2\/posts"}],"about":[{"href":"https:\/\/www.moulin-dussart.be\/index.php?rest_route=\/wp\/v2\/types\/post"}],"author":[{"embeddable":true,"href":"https:\/\/www.moulin-dussart.be\/index.php?rest_route=\/wp\/v2\/users\/1"}],"replies":[{"embeddable":true,"href":"https:\/\/www.moulin-dussart.be\/index.php?rest_route=%2Fwp%2Fv2%2Fcomments&post=55"}],"version-history":[{"count":4,"href":"https:\/\/www.moulin-dussart.be\/index.php?rest_route=\/wp\/v2\/posts\/55\/revisions"}],"predecessor-version":[{"id":64,"href":"https:\/\/www.moulin-dussart.be\/index.php?rest_route=\/wp\/v2\/posts\/55\/revisions\/64"}],"wp:attachment":[{"href":"https:\/\/www.moulin-dussart.be\/index.php?rest_route=%2Fwp%2Fv2%2Fmedia&parent=55"}],"wp:term":[{"taxonomy":"category","embeddable":true,"href":"https:\/\/www.moulin-dussart.be\/index.php?rest_route=%2Fwp%2Fv2%2Fcategories&post=55"},{"taxonomy":"post_tag","embeddable":true,"href":"https:\/\/www.moulin-dussart.be\/index.php?rest_route=%2Fwp%2Fv2%2Ftags&post=55"}],"curies":[{"name":"wp","href":"https:\/\/api.w.org\/{rel}","templated":true}]}}