{"id":140,"date":"2017-11-27T17:46:00","date_gmt":"2017-11-27T16:46:00","guid":{"rendered":"http:\/\/moulin-dussart.be\/?p=140"},"modified":"2020-12-19T16:02:59","modified_gmt":"2020-12-19T15:02:59","slug":"jour-15-deja","status":"publish","type":"post","link":"https:\/\/www.moulin-dussart.be\/?p=140","title":{"rendered":"Jour 15 &#8211; D\u00e9j\u00e0 !"},"content":{"rendered":"<p>\u00c0 nouveau personne sur le chantier hier \ud83d\ude41 Aujourd&#8217;hui, les pierres bleues des portes et des fen\u00eatres ont enfin \u00e9t\u00e9 livr\u00e9es. Cela a permi de continuer la pose des briques sur la fa\u00e7ade. Au niveau de la porte, le rouleau servant \u00e0 prot\u00e9ger les sacs de grain lors de leur mont\u00e9e a \u00e9t\u00e9 repos\u00e9 (photo du milieu en haut). Tandis qu&#8217;\u00e0 l&#8217;int\u00e9rieur, les gravats issus du d\u00e9montage du plafond ont \u00e9t\u00e9 \u00e9vacu\u00e9s.<\/p>\n<div align=\"center\">\n<div data-carousel-extra='{\"blog_id\":1,\"permalink\":\"https:\\\/\\\/www.moulin-dussart.be\\\/?p=140\"}' class=\"tiled-gallery type-rectangular\" data-original-width=\"640\"><div class=\"gallery-row\" style=\"width: 635px; height: 170px;\"><div class=\"gallery-group images-1\" style=\"width: 259px; height: 174px;\"><div class=\"tiled-gallery-item tiled-gallery-item-large\"><a href=\"https:\/\/www.moulin-dussart.be\/?attachment_id=142\"><img data-attachment-id=\"142\" data-orig-file=\"https:\/\/www.moulin-dussart.be\/wp-content\/uploads\/2017\/11\/DSC05943.jpg\" data-orig-size=\"1076,720\" data-comments-opened=\"0\" data-image-meta=\"{&quot;aperture&quot;:&quot;5.6&quot;,&quot;credit&quot;:&quot;&quot;,&quot;camera&quot;:&quot;DSLR-A100&quot;,&quot;caption&quot;:&quot;SONY DSC&quot;,&quot;created_timestamp&quot;:&quot;1511720595&quot;,&quot;copyright&quot;:&quot;&quot;,&quot;focal_length&quot;:&quot;40&quot;,&quot;iso&quot;:&quot;400&quot;,&quot;shutter_speed&quot;:&quot;0.066666666666667&quot;,&quot;title&quot;:&quot;SONY DSC&quot;,&quot;orientation&quot;:&quot;1&quot;}\" data-image-title=\"SONY DSC\" data-image-description=\"\" data-medium-file=\"https:\/\/www.moulin-dussart.be\/wp-content\/uploads\/2017\/11\/DSC05943-300x201.jpg\" data-large-file=\"https:\/\/www.moulin-dussart.be\/wp-content\/uploads\/2017\/11\/DSC05943-1024x685.jpg\" src=\"https:\/\/www.moulin-dussart.be\/wp-content\/uploads\/2017\/11\/DSC05943-255x170.jpg\" width=\"255\" height=\"170\" align=\"left\" title=\"SONY DSC\" \/><\/a><div class=\"tiled-gallery-caption\">SONY DSC<\/div><\/div><\/div><div class=\"gallery-group images-1\" style=\"width: 118px; height: 174px;\"><div class=\"tiled-gallery-item tiled-gallery-item-small\"><a href=\"https:\/\/www.moulin-dussart.be\/?attachment_id=143\"><img data-attachment-id=\"143\" data-orig-file=\"https:\/\/www.moulin-dussart.be\/wp-content\/uploads\/2017\/11\/DSC05945-e1511800940698.jpg\" data-orig-size=\"720,1076\" data-comments-opened=\"0\" data-image-meta=\"{&quot;aperture&quot;:&quot;3.5&quot;,&quot;credit&quot;:&quot;&quot;,&quot;camera&quot;:&quot;DSLR-A100&quot;,&quot;caption&quot;:&quot;SONY DSC&quot;,&quot;created_timestamp&quot;:&quot;1511720608&quot;,&quot;copyright&quot;:&quot;&quot;,&quot;focal_length&quot;:&quot;18&quot;,&quot;iso&quot;:&quot;400&quot;,&quot;shutter_speed&quot;:&quot;0.033333333333333&quot;,&quot;title&quot;:&quot;SONY DSC&quot;,&quot;orientation&quot;:&quot;6&quot;}\" data-image-title=\"SONY DSC\" data-image-description=\"\" data-medium-file=\"https:\/\/www.moulin-dussart.be\/wp-content\/uploads\/2017\/11\/DSC05945-e1511800940698-201x300.jpg\" data-large-file=\"https:\/\/www.moulin-dussart.be\/wp-content\/uploads\/2017\/11\/DSC05945-e1511800940698-685x1024.jpg\" src=\"https:\/\/www.moulin-dussart.be\/wp-content\/uploads\/2017\/11\/DSC05945-e1511800940698-114x170.jpg\" width=\"114\" height=\"170\" align=\"left\" title=\"SONY DSC\" \/><\/a><div class=\"tiled-gallery-caption\">SONY DSC<\/div><\/div><\/div><div class=\"gallery-group images-1\" style=\"width: 258px; height: 174px;\"><div class=\"tiled-gallery-item tiled-gallery-item-large\"><a href=\"https:\/\/www.moulin-dussart.be\/?attachment_id=144\"><img data-attachment-id=\"144\" data-orig-file=\"https:\/\/www.moulin-dussart.be\/wp-content\/uploads\/2017\/11\/DSC05950.jpg\" data-orig-size=\"1076,720\" data-comments-opened=\"0\" data-image-meta=\"{&quot;aperture&quot;:&quot;5.6&quot;,&quot;credit&quot;:&quot;&quot;,&quot;camera&quot;:&quot;DSLR-A100&quot;,&quot;caption&quot;:&quot;SONY DSC&quot;,&quot;created_timestamp&quot;:&quot;1511720654&quot;,&quot;copyright&quot;:&quot;&quot;,&quot;focal_length&quot;:&quot;40&quot;,&quot;iso&quot;:&quot;400&quot;,&quot;shutter_speed&quot;:&quot;0.1&quot;,&quot;title&quot;:&quot;SONY DSC&quot;,&quot;orientation&quot;:&quot;1&quot;}\" data-image-title=\"SONY DSC\" data-image-description=\"\" data-medium-file=\"https:\/\/www.moulin-dussart.be\/wp-content\/uploads\/2017\/11\/DSC05950-300x201.jpg\" data-large-file=\"https:\/\/www.moulin-dussart.be\/wp-content\/uploads\/2017\/11\/DSC05950-1024x685.jpg\" src=\"https:\/\/www.moulin-dussart.be\/wp-content\/uploads\/2017\/11\/DSC05950-254x170.jpg\" width=\"254\" height=\"170\" align=\"left\" title=\"SONY DSC\" \/><\/a><div class=\"tiled-gallery-caption\">SONY DSC<\/div><\/div><\/div><\/div><div class=\"gallery-row\" style=\"width: 635px; height: 210px;\"><div class=\"gallery-group images-1\" style=\"width: 318px; height: 214px;\"><div class=\"tiled-gallery-item tiled-gallery-item-large\"><a href=\"https:\/\/www.moulin-dussart.be\/?attachment_id=147\"><img data-attachment-id=\"147\" data-orig-file=\"https:\/\/www.moulin-dussart.be\/wp-content\/uploads\/2017\/11\/DSC05946.jpg\" data-orig-size=\"1076,720\" data-comments-opened=\"0\" data-image-meta=\"{&quot;aperture&quot;:&quot;3.5&quot;,&quot;credit&quot;:&quot;&quot;,&quot;camera&quot;:&quot;DSLR-A100&quot;,&quot;caption&quot;:&quot;SONY DSC&quot;,&quot;created_timestamp&quot;:&quot;1511720623&quot;,&quot;copyright&quot;:&quot;&quot;,&quot;focal_length&quot;:&quot;18&quot;,&quot;iso&quot;:&quot;200&quot;,&quot;shutter_speed&quot;:&quot;0.033333333333333&quot;,&quot;title&quot;:&quot;SONY DSC&quot;,&quot;orientation&quot;:&quot;1&quot;}\" data-image-title=\"SONY DSC\" data-image-description=\"\" data-medium-file=\"https:\/\/www.moulin-dussart.be\/wp-content\/uploads\/2017\/11\/DSC05946-300x201.jpg\" data-large-file=\"https:\/\/www.moulin-dussart.be\/wp-content\/uploads\/2017\/11\/DSC05946-1024x685.jpg\" src=\"https:\/\/www.moulin-dussart.be\/wp-content\/uploads\/2017\/11\/DSC05946-314x210.jpg\" width=\"314\" height=\"210\" align=\"left\" title=\"SONY DSC\" \/><\/a><div class=\"tiled-gallery-caption\">SONY DSC<\/div><\/div><\/div><div class=\"gallery-group images-1\" style=\"width: 317px; height: 214px;\"><div class=\"tiled-gallery-item tiled-gallery-item-large\"><a href=\"https:\/\/www.moulin-dussart.be\/?attachment_id=148\"><img data-attachment-id=\"148\" data-orig-file=\"https:\/\/www.moulin-dussart.be\/wp-content\/uploads\/2017\/11\/DSC05947.jpg\" data-orig-size=\"1076,720\" data-comments-opened=\"0\" data-image-meta=\"{&quot;aperture&quot;:&quot;5.6&quot;,&quot;credit&quot;:&quot;&quot;,&quot;camera&quot;:&quot;DSLR-A100&quot;,&quot;caption&quot;:&quot;SONY DSC&quot;,&quot;created_timestamp&quot;:&quot;1511720636&quot;,&quot;copyright&quot;:&quot;&quot;,&quot;focal_length&quot;:&quot;55&quot;,&quot;iso&quot;:&quot;400&quot;,&quot;shutter_speed&quot;:&quot;0.066666666666667&quot;,&quot;title&quot;:&quot;SONY DSC&quot;,&quot;orientation&quot;:&quot;1&quot;}\" data-image-title=\"SONY DSC\" data-image-description=\"\" data-medium-file=\"https:\/\/www.moulin-dussart.be\/wp-content\/uploads\/2017\/11\/DSC05947-300x201.jpg\" data-large-file=\"https:\/\/www.moulin-dussart.be\/wp-content\/uploads\/2017\/11\/DSC05947-1024x685.jpg\" src=\"https:\/\/www.moulin-dussart.be\/wp-content\/uploads\/2017\/11\/DSC05947-313x210.jpg\" width=\"313\" height=\"210\" align=\"left\" title=\"SONY DSC\" \/><\/a><div class=\"tiled-gallery-caption\">SONY DSC<\/div><\/div><\/div><\/div><\/div>\n<\/div>\n<p>&nbsp;<\/p>\n<p>Le 8 d\u00e9cembre, date de fin th\u00e9orique des travaux n&#8217;est d\u00e9j\u00e0 plus tr\u00e8s loin. Et je commence \u00e0 avoir des doutes&#8230;<\/p>\n","protected":false},"excerpt":{"rendered":"<p>\u00c0 nouveau personne sur le chantier hier \ud83d\ude41 Aujourd&#8217;hui, les pierres bleues des portes et des fen\u00eatres ont enfin \u00e9t\u00e9 livr\u00e9es. Cela a permi de continuer la pose des briques sur la fa\u00e7ade. Au niveau de la porte, le rouleau servant \u00e0 prot\u00e9ger les sacs de grain lors de leur mont\u00e9e a \u00e9t\u00e9 repos\u00e9 (photo du milieu en haut). Tandis qu&#8217;\u00e0 l&#8217;int\u00e9rieur, les gravats issus du d\u00e9montage du plafond ont \u00e9t\u00e9 \u00e9vacu\u00e9s. &nbsp; Le 8 d\u00e9cembre, date de fin th\u00e9orique&#8230;<\/p>\n<p class=\"read-more\"><a class=\"btn btn-default\" href=\"https:\/\/www.moulin-dussart.be\/?p=140\">Lire la suite<span class=\"screen-reader-text\"> Lire la suite<\/span><\/a><\/p>\n","protected":false},"author":1,"featured_media":0,"comment_status":"closed","ping_status":"open","sticky":false,"template":"","format":"standard","meta":[],"categories":[5],"tags":[],"_links":{"self":[{"href":"https:\/\/www.moulin-dussart.be\/index.php?rest_route=\/wp\/v2\/posts\/140"}],"collection":[{"href":"https:\/\/www.moulin-dussart.be\/index.php?rest_route=\/wp\/v2\/posts"}],"about":[{"href":"https:\/\/www.moulin-dussart.be\/index.php?rest_route=\/wp\/v2\/types\/post"}],"author":[{"embeddable":true,"href":"https:\/\/www.moulin-dussart.be\/index.php?rest_route=\/wp\/v2\/users\/1"}],"replies":[{"embeddable":true,"href":"https:\/\/www.moulin-dussart.be\/index.php?rest_route=%2Fwp%2Fv2%2Fcomments&post=140"}],"version-history":[{"count":7,"href":"https:\/\/www.moulin-dussart.be\/index.php?rest_route=\/wp\/v2\/posts\/140\/revisions"}],"predecessor-version":[{"id":152,"href":"https:\/\/www.moulin-dussart.be\/index.php?rest_route=\/wp\/v2\/posts\/140\/revisions\/152"}],"wp:attachment":[{"href":"https:\/\/www.moulin-dussart.be\/index.php?rest_route=%2Fwp%2Fv2%2Fmedia&parent=140"}],"wp:term":[{"taxonomy":"category","embeddable":true,"href":"https:\/\/www.moulin-dussart.be\/index.php?rest_route=%2Fwp%2Fv2%2Fcategories&post=140"},{"taxonomy":"post_tag","embeddable":true,"href":"https:\/\/www.moulin-dussart.be\/index.php?rest_route=%2Fwp%2Fv2%2Ftags&post=140"}],"curies":[{"name":"wp","href":"https:\/\/api.w.org\/{rel}","templated":true}]}}